{"id":4511,"date":"2021-03-04T16:01:00","date_gmt":"2021-03-04T15:01:00","guid":{"rendered":"https:\/\/www.landolt-weine.ch\/cms\/?p=4511"},"modified":"2022-10-17T15:11:28","modified_gmt":"2022-10-17T13:11:28","slug":"landolt-personlich-folge-1","status":"publish","type":"post","link":"https:\/\/www.landolt-weine.ch\/cms\/2021\/03\/04\/landolt-personlich-folge-1\/","title":{"rendered":"Landolt Pers\u00f6nlich &#8211; Folge 1"},"content":{"rendered":"","protected":false},"excerpt":{"rendered":"<p>\u00abOhne Menschen um mich herum k\u00f6nnte ich nicht sein und mag mir dies auch nicht vorstellen\u00bb<\/p>\n","protected":false},"author":2,"featured_media":4674,"comment_status":"closed","ping_status":"open","sticky":false,"template":"","format":"standard","meta":{"_acf_changed":false,"footnotes":""},"categories":[40],"tags":[],"class_list":["post-4511","post","type-post","status-publish","format-standard","has-post-thumbnail","hentry","category-landolt-persoenlich"],"acf":{"header_subtitle":"Interview mit Marc Landolt","headerbild":4674,"hide_pagetitle":false,"inhaltselemente":[{"acf_fc_layout":"einspalter_text","einspalter_text_titel":"","einspalter_text_titel_typ":"2","einspalter_text_titel_fake":false,"einspalter_text_content":"<p><span style=\"color: #000000;\">Unter dem Motto \u2013 bringen wir es hinter uns \u2013 kommen wir leider nicht um das mittlerweile allt\u00e4gliche Thema \u201eCorona\u201c herum. Aber, liebe Leser &#8211; versprochen &#8211; wir widmen uns anschliessend pers\u00f6nlicheren und erheiternden Themen. Als Einstieg m\u00f6chten wir gerne von Dir wissen, vor welchen Herausforderungen Du und Deine Unternehmung in den vergangenen Monaten gestanden seid und wie ihr diese bew\u00e4ltigt habt.<\/span><\/p>\n<p><span style=\"color: #1f3860;\"><em>Heute vor gut einem Jahr haben wir den Grossteil unseres Umsatzes in der Gastronomie verloren, von einem Tag auf den anderen sozusagen. Gl\u00fccklicherweise konnten wir im Privat- und Onlinesegment \u00fcberaus erfreulich zulegen. Unsere Kunden haben zu Hause weiter Wein getrunken und der Konsum hat sich verlagert. In der Gastronomie und Hotellerie ist daraufhin alles zusammengebrochen und wir leiden dadurch. Wir erfinden uns gerade teilweise neu, f\u00e4llen gute Entscheide, aber auch solche, die wir wieder ver\u00e4ndern. Aber wir sind zuversichtlich, dass es im ersten Halbjahr 2021 wieder besser wird und dass eine neue Normalit\u00e4t auf uns zukommt und diese werden wir annehmen und meistern.<\/em><\/span><\/p>\n","einspalter_text_margin":"margin-after-default"},{"acf_fc_layout":"einspalter_text","einspalter_text_titel":"","einspalter_text_titel_typ":"2","einspalter_text_titel_fake":false,"einspalter_text_content":"<p>Nun zum pers\u00f6nlichen Teil von unserem Interview: uns ist zu Ohren gekommen, dass Du dieses Jahr ein Jubil\u00e4um feierst?<\/p>\n<p><span style=\"color: #1f3860;\"><em>Eine sehr pers\u00f6nliche Frage\u2026Ob du es glaubst oder nicht, ich werde diesen Herbst 30 Jahre in der Firma Landolt t\u00e4tig sein. Ich bin schon einige Jahre l\u00e4nger aktiv in der Branche aktiv und durfte unter anderem in S\u00fcditalien und im Burgund eine lehrreiche Zeit als Winemaker erleben. Bevor ich am 1. September 1991 zur \u201ealten\u201c Firma Landolt Weine kam. Eitel betrachtet, tut es etwas weh dies zu sagen, aber es erf\u00fcllt mich mit Stolz am 1. September 2021 mein 30-j\u00e4hriges Firmenjubil\u00e4um feiern zu d\u00fcrfen. Heisst aber nicht dass ich jetzt schon pensioniert werde, oder dass ich mich pensionieren lasse\u2026 ich habe grosse Energie und das dringende Bed\u00fcrfnis die Firma in dieser turbulenten Zeit wieder auf Vordermann zu bringen und f\u00fcr die Zukunft aufzustellen.<\/em><\/span><\/p>\n","einspalter_text_margin":"margin-after-big"},{"acf_fc_layout":"image","image":3475,"image_margin":"margin-after-default"},{"acf_fc_layout":"einspalter_text","einspalter_text_titel":"","einspalter_text_titel_typ":"2","einspalter_text_titel_fake":false,"einspalter_text_content":"<p>Welchen Wein w\u00fcrdest Du auf eine einsame Insel in Deinen Koffer einpacken?<\/p>\n<p><span style=\"color: #1f3860;\"><em>Dar\u00fcber muss ich gar nicht erst nachdenken, da wird mir kein bestimmter Wein einfallen. Ich trinke Wein sehr situativ, je nach Stimmung, nach Jahreszeit oder nach einer Reise um Erinnerungen zu festigen\u2026 momentan habe ich ein Faible f\u00fcr im Barrique ausgebaute Weissweine, mit kr\u00e4ftigen aber sch\u00f6n eingebundenen Eichennoten. Diese Vorliebe hat mir im Team den Spitznamen \u201eBiber\u201c eingebrockt.<\/em><\/span><\/p>\n<p>Was macht Dir, in Deinem Job oder Deiner Berufung als Weinh\u00e4ndler Freude? Was erf\u00fcllt dich?<\/p>\n<p><span style=\"color: #1f3860;\"><em>Es gibt viele Komponenten, die mir wirklich Spass machen. Einerseits der Wein an sich, ein total positiv geladenes Produkt. Freude an den Menschen, die ihn herstellen und an den lieben Kunden, die dieses Kulturgut konsumieren und ihre Freude mit mir teilen. Ich selber bin total menschenorientiert, sofern es dieses Wort gibt\u2026 ohne Menschen um mich herum k\u00f6nnte ich nicht sein und mag mir dies auch nicht vorstellen. <\/em><\/span><\/p>\n<p>Wenn Du Dir ein Land aussuchen k\u00f6nntest, in welchem w\u00fcrdest Du gerne leben?<\/p>\n<p><span style=\"color: #1f3860;\"><em>Ich w\u00fcrde gerne mal ein Jahr eine Weltreise machen. Nicht nur in Weinbauregionen, sondern auch mal an Orte, wo er nicht w\u00e4chst oder welche nicht im Speziellen daf\u00fcr bekannt sind. Aber zum Wohnen w\u00fcrde ich immer in die Schweiz zur\u00fcckkehren.<\/em><\/span><\/p>\n","einspalter_text_margin":"margin-after-default"},{"acf_fc_layout":"image_text","image_text_titel":"\u00abOhne Menschen um mich herum k\u00f6nnte ich nicht sein und mag mir dies auch nicht vorstellen\u00bb","image_text_titel_typ":"h2__section-title","image_text_titel_fake":true,"image_text_subtitle":"Marc Landolt","image_text_link":"","image_text_content":"","image_text_text_as_lead":false,"image_text_bild":3473,"image_text_video":"","image_text_position_bild":"right","image_text_margin":"margin-after-default"},{"acf_fc_layout":"einspalter_text","einspalter_text_titel":"","einspalter_text_titel_typ":"2","einspalter_text_titel_fake":false,"einspalter_text_content":"<p>Zum Abschluss des Interviews unsere beliebten &#171;Entweder\/Oder&#187; Fragen:<\/p>\n<p>Skifahren oder Fussball<br \/>\n<em><span style=\"color: #1f3860;\">Skifahren<\/span><\/em><\/p>\n<p>Strand oder Berge?<br \/>\n<em><span style=\"color: #1f3860;\">Berge<\/span><\/em><\/p>\n<p>Duschen oder Baden?<br \/>\n<em><span style=\"color: #1f3860;\">Duschen\u2026 haha<\/span><\/em><\/p>\n<p>S\u00fcditalien oder S\u00fcdfrankreich<br \/>\n<em><span style=\"color: #1f3860;\">Ja! Ja! \u2026 S\u00fcditalien<\/span><\/em><\/p>\n<p>Serie oder Film<br \/>\n<em><span style=\"color: #1f3860;\">Bis jetzt war es Film, aber ich habe mein Suchtpotenzial f\u00fcr Serien entdeckt\u2026<\/span><\/em><\/p>\n<p>Pasta oder Sushi<br \/>\n<em><span style=\"color: #1f3860;\">Beides. Ich bin bekanntlich kein Kost Ver\u00e4chter<\/span><\/em><\/p>\n<p>Anzug mit oder ohne Krawatte<br \/>\n<em><span style=\"color: #1f3860;\">Kein Anzug, aber wenn dann ohne Krawatte<\/span><\/em><\/p>\n<p>Klassik oder Hard Rock<br \/>\n<em><span style=\"color: #1f3860;\">Klassik<\/span><\/em><\/p>\n<p>\u00d6V (Flieger oder Zug) oder lange Autofahrt<br \/>\n<em><span style=\"color: #1f3860;\">\u00d6V, ich bin grosser Aviatik Fan. Bei Flugreisen informiere ich mich immer schon im Vorhinein mit welchem Flugzeugmodell ich in die L\u00fcfte abheben werde. Eine Art Hobby.<\/span><\/em><\/p>\n<p>Weisswein oder Rotwein<br \/>\n<em><span style=\"color: #1f3860;\">Tagesform. Aber momentan, in Anbetracht des Fr\u00fchlings, der vor der T\u00fcre steht, schon eher Weisswein.<\/span><\/em><\/p>\n","einspalter_text_margin":"margin-after-default"},{"acf_fc_layout":"einspalter_text","einspalter_text_titel":"","einspalter_text_titel_typ":"2","einspalter_text_titel_fake":false,"einspalter_text_content":"<p>Das Interview f\u00fchrte unser langj\u00e4hriger Mitarbeiter, Wolfgang Langanger, mit Marc Landolt am 4. M\u00e4rz 2021.<\/p>\n","einspalter_text_margin":"margin-after-big"},{"acf_fc_layout":"produkteslider","produkteslider_titel":"Weine von Landolt aus Z\u00fcrich","produkteslider_link":{"title":"","url":"https:\/\/www.landolt-weine.ch\/Shop\/?filter=producer,weingut_landolt_stadt_zuerich-zuercher_weingut_landolt_weinland&sortkey=name&sortdirection=asc","target":""},"produkteslider_producer_id":"1514","produkteslider_product_ids":"","produkteslider_margin":"margin-after-big"},{"acf_fc_layout":"social_buttons","social_buttons_margin":"margin-after-big"}],"header_title":""},"yoast_head":"<!-- This site is optimized with the Yoast SEO plugin v27.5 - https:\/\/yoast.com\/product\/yoast-seo-wordpress\/ -->\n<title>Landolt Pers\u00f6nlich - Folge 1 - Landolt Weine<\/title>\n<meta name=\"description\" content=\"Landolt Pers\u00f6nlich - Folge 1 - Weine Online Shop - Weinhandel Z\u00fcrich - Die Stadt Z\u00fcrich ist Heimat von Landolt Weine. Der Familienbetrieb ist stolz, ein St\u00fcck lokale Weinkultur pr\u00e4gen zu d\u00fcrfen.\" \/>\n<meta name=\"robots\" content=\"index, follow, max-snippet:-1, max-image-preview:large, max-video-preview:-1\" \/>\n<link rel=\"canonical\" href=\"https:\/\/www.landolt-weine.ch\/cms\/2021\/03\/04\/landolt-personlich-folge-1\/\" \/>\n<meta property=\"og:locale\" content=\"de_DE\" \/>\n<meta property=\"og:type\" content=\"article\" \/>\n<meta property=\"og:title\" content=\"Landolt Pers\u00f6nlich - Folge 1 - Landolt Weine\" \/>\n<meta property=\"og:description\" content=\"Landolt Pers\u00f6nlich - Folge 1 - Weine Online Shop - Weinhandel Z\u00fcrich - Die Stadt Z\u00fcrich ist Heimat von Landolt Weine. Der Familienbetrieb ist stolz, ein St\u00fcck lokale Weinkultur pr\u00e4gen zu d\u00fcrfen.\" \/>\n<meta property=\"og:url\" content=\"https:\/\/www.landolt-weine.ch\/cms\/2021\/03\/04\/landolt-personlich-folge-1\/\" \/>\n<meta property=\"og:site_name\" content=\"Landolt Weine\" \/>\n<meta property=\"article:publisher\" content=\"https:\/\/www.facebook.com\/landoltweine\/\" \/>\n<meta property=\"article:published_time\" content=\"2021-03-04T15:01:00+00:00\" \/>\n<meta property=\"article:modified_time\" content=\"2022-10-17T13:11:28+00:00\" \/>\n<meta property=\"og:image\" content=\"https:\/\/www.landolt-weine.ch\/cms\/wp-content\/uploads\/2021\/03\/marc-landolt-im-rebberg_news.jpg\" \/>\n\t<meta property=\"og:image:width\" content=\"2000\" \/>\n\t<meta property=\"og:image:height\" content=\"1239\" \/>\n\t<meta property=\"og:image:type\" content=\"image\/jpeg\" \/>\n<meta name=\"author\" content=\"editor\" \/>\n<meta name=\"twitter:label1\" content=\"Geschrieben von\" \/>\n\t<meta name=\"twitter:data1\" content=\"editor\" \/>\n<script type=\"application\/ld+json\" class=\"yoast-schema-graph\">{\"@context\":\"https:\\\/\\\/schema.org\",\"@graph\":[{\"@type\":\"Article\",\"@id\":\"https:\\\/\\\/www.landolt-weine.ch\\\/cms\\\/2021\\\/03\\\/04\\\/landolt-personlich-folge-1\\\/#article\",\"isPartOf\":{\"@id\":\"https:\\\/\\\/www.landolt-weine.ch\\\/cms\\\/2021\\\/03\\\/04\\\/landolt-personlich-folge-1\\\/\"},\"author\":{\"name\":\"editor\",\"@id\":\"https:\\\/\\\/www.landolt-weine.ch\\\/cms\\\/#\\\/schema\\\/person\\\/0dd9822402bfc2651069f318cb872261\"},\"headline\":\"Landolt Pers\u00f6nlich &#8211; Folge 1\",\"datePublished\":\"2021-03-04T15:01:00+00:00\",\"dateModified\":\"2022-10-17T13:11:28+00:00\",\"mainEntityOfPage\":{\"@id\":\"https:\\\/\\\/www.landolt-weine.ch\\\/cms\\\/2021\\\/03\\\/04\\\/landolt-personlich-folge-1\\\/\"},\"wordCount\":5,\"publisher\":{\"@id\":\"https:\\\/\\\/www.landolt-weine.ch\\\/cms\\\/#organization\"},\"image\":{\"@id\":\"https:\\\/\\\/www.landolt-weine.ch\\\/cms\\\/2021\\\/03\\\/04\\\/landolt-personlich-folge-1\\\/#primaryimage\"},\"thumbnailUrl\":\"https:\\\/\\\/www.landolt-weine.ch\\\/cms\\\/wp-content\\\/uploads\\\/2021\\\/03\\\/marc-landolt-im-rebberg_news.jpg\",\"articleSection\":[\"Landolt Pers\u00f6nlich\"],\"inLanguage\":\"de-CH\"},{\"@type\":\"WebPage\",\"@id\":\"https:\\\/\\\/www.landolt-weine.ch\\\/cms\\\/2021\\\/03\\\/04\\\/landolt-personlich-folge-1\\\/\",\"url\":\"https:\\\/\\\/www.landolt-weine.ch\\\/cms\\\/2021\\\/03\\\/04\\\/landolt-personlich-folge-1\\\/\",\"name\":\"Landolt Pers\u00f6nlich - Folge 1 - Landolt Weine\",\"isPartOf\":{\"@id\":\"https:\\\/\\\/www.landolt-weine.ch\\\/cms\\\/#website\"},\"primaryImageOfPage\":{\"@id\":\"https:\\\/\\\/www.landolt-weine.ch\\\/cms\\\/2021\\\/03\\\/04\\\/landolt-personlich-folge-1\\\/#primaryimage\"},\"image\":{\"@id\":\"https:\\\/\\\/www.landolt-weine.ch\\\/cms\\\/2021\\\/03\\\/04\\\/landolt-personlich-folge-1\\\/#primaryimage\"},\"thumbnailUrl\":\"https:\\\/\\\/www.landolt-weine.ch\\\/cms\\\/wp-content\\\/uploads\\\/2021\\\/03\\\/marc-landolt-im-rebberg_news.jpg\",\"datePublished\":\"2021-03-04T15:01:00+00:00\",\"dateModified\":\"2022-10-17T13:11:28+00:00\",\"description\":\"Landolt Pers\u00f6nlich - Folge 1 - Weine Online Shop - Weinhandel Z\u00fcrich - Die Stadt Z\u00fcrich ist Heimat von Landolt Weine. Der Familienbetrieb ist stolz, ein St\u00fcck lokale Weinkultur pr\u00e4gen zu d\u00fcrfen.\",\"breadcrumb\":{\"@id\":\"https:\\\/\\\/www.landolt-weine.ch\\\/cms\\\/2021\\\/03\\\/04\\\/landolt-personlich-folge-1\\\/#breadcrumb\"},\"inLanguage\":\"de-CH\",\"potentialAction\":[{\"@type\":\"ReadAction\",\"target\":[\"https:\\\/\\\/www.landolt-weine.ch\\\/cms\\\/2021\\\/03\\\/04\\\/landolt-personlich-folge-1\\\/\"]}]},{\"@type\":\"ImageObject\",\"inLanguage\":\"de-CH\",\"@id\":\"https:\\\/\\\/www.landolt-weine.ch\\\/cms\\\/2021\\\/03\\\/04\\\/landolt-personlich-folge-1\\\/#primaryimage\",\"url\":\"https:\\\/\\\/www.landolt-weine.ch\\\/cms\\\/wp-content\\\/uploads\\\/2021\\\/03\\\/marc-landolt-im-rebberg_news.jpg\",\"contentUrl\":\"https:\\\/\\\/www.landolt-weine.ch\\\/cms\\\/wp-content\\\/uploads\\\/2021\\\/03\\\/marc-landolt-im-rebberg_news.jpg\",\"width\":2000,\"height\":1239,\"caption\":\"Landolt Weine - Marc Landolt\"},{\"@type\":\"BreadcrumbList\",\"@id\":\"https:\\\/\\\/www.landolt-weine.ch\\\/cms\\\/2021\\\/03\\\/04\\\/landolt-personlich-folge-1\\\/#breadcrumb\",\"itemListElement\":[{\"@type\":\"ListItem\",\"position\":1,\"name\":\"Home\",\"item\":\"https:\\\/\\\/www.landolt-weine.ch\\\/cms\\\/\"},{\"@type\":\"ListItem\",\"position\":2,\"name\":\"Landolt Pers\u00f6nlich &#8211; Folge 1\"}]},{\"@type\":\"WebSite\",\"@id\":\"https:\\\/\\\/www.landolt-weine.ch\\\/cms\\\/#website\",\"url\":\"https:\\\/\\\/www.landolt-weine.ch\\\/cms\\\/\",\"name\":\"Landolt Weine\",\"description\":\"\",\"publisher\":{\"@id\":\"https:\\\/\\\/www.landolt-weine.ch\\\/cms\\\/#organization\"},\"potentialAction\":[{\"@type\":\"SearchAction\",\"target\":{\"@type\":\"EntryPoint\",\"urlTemplate\":\"https:\\\/\\\/www.landolt-weine.ch\\\/cms\\\/?s={search_term_string}\"},\"query-input\":{\"@type\":\"PropertyValueSpecification\",\"valueRequired\":true,\"valueName\":\"search_term_string\"}}],\"inLanguage\":\"de-CH\"},{\"@type\":\"Organization\",\"@id\":\"https:\\\/\\\/www.landolt-weine.ch\\\/cms\\\/#organization\",\"name\":\"Landolt Weine\",\"url\":\"https:\\\/\\\/www.landolt-weine.ch\\\/cms\\\/\",\"logo\":{\"@type\":\"ImageObject\",\"inLanguage\":\"de-CH\",\"@id\":\"https:\\\/\\\/www.landolt-weine.ch\\\/cms\\\/#\\\/schema\\\/logo\\\/image\\\/\",\"url\":\"https:\\\/\\\/www.landolt-weine.ch\\\/cms\\\/wp-content\\\/uploads\\\/2021\\\/01\\\/landolt-logo.png\",\"contentUrl\":\"https:\\\/\\\/www.landolt-weine.ch\\\/cms\\\/wp-content\\\/uploads\\\/2021\\\/01\\\/landolt-logo.png\",\"width\":1000,\"height\":240,\"caption\":\"Landolt Weine\"},\"image\":{\"@id\":\"https:\\\/\\\/www.landolt-weine.ch\\\/cms\\\/#\\\/schema\\\/logo\\\/image\\\/\"},\"sameAs\":[\"https:\\\/\\\/www.facebook.com\\\/landoltweine\\\/\"]},{\"@type\":\"Person\",\"@id\":\"https:\\\/\\\/www.landolt-weine.ch\\\/cms\\\/#\\\/schema\\\/person\\\/0dd9822402bfc2651069f318cb872261\",\"name\":\"editor\",\"image\":{\"@type\":\"ImageObject\",\"inLanguage\":\"de-CH\",\"@id\":\"https:\\\/\\\/secure.gravatar.com\\\/avatar\\\/508f0567f75590a9f703e14acce9f933301379c1c04753a041678c88f82f15f0?s=96&d=mm&r=g\",\"url\":\"https:\\\/\\\/secure.gravatar.com\\\/avatar\\\/508f0567f75590a9f703e14acce9f933301379c1c04753a041678c88f82f15f0?s=96&d=mm&r=g\",\"contentUrl\":\"https:\\\/\\\/secure.gravatar.com\\\/avatar\\\/508f0567f75590a9f703e14acce9f933301379c1c04753a041678c88f82f15f0?s=96&d=mm&r=g\",\"caption\":\"editor\"},\"sameAs\":[\"https:\\\/\\\/www.landolt-weine.ch\"]}]}<\/script>\n<!-- \/ Yoast SEO plugin. -->","yoast_head_json":{"title":"Landolt Pers\u00f6nlich - Folge 1 - Landolt Weine","description":"Landolt Pers\u00f6nlich - Folge 1 - Weine Online Shop - Weinhandel Z\u00fcrich - Die Stadt Z\u00fcrich ist Heimat von Landolt Weine. Der Familienbetrieb ist stolz, ein St\u00fcck lokale Weinkultur pr\u00e4gen zu d\u00fcrfen.","robots":{"index":"index","follow":"follow","max-snippet":"max-snippet:-1","max-image-preview":"max-image-preview:large","max-video-preview":"max-video-preview:-1"},"canonical":"https:\/\/www.landolt-weine.ch\/cms\/2021\/03\/04\/landolt-personlich-folge-1\/","og_locale":"de_DE","og_type":"article","og_title":"Landolt Pers\u00f6nlich - Folge 1 - Landolt Weine","og_description":"Landolt Pers\u00f6nlich - Folge 1 - Weine Online Shop - Weinhandel Z\u00fcrich - Die Stadt Z\u00fcrich ist Heimat von Landolt Weine. Der Familienbetrieb ist stolz, ein St\u00fcck lokale Weinkultur pr\u00e4gen zu d\u00fcrfen.","og_url":"https:\/\/www.landolt-weine.ch\/cms\/2021\/03\/04\/landolt-personlich-folge-1\/","og_site_name":"Landolt Weine","article_publisher":"https:\/\/www.facebook.com\/landoltweine\/","article_published_time":"2021-03-04T15:01:00+00:00","article_modified_time":"2022-10-17T13:11:28+00:00","og_image":[{"width":2000,"height":1239,"url":"https:\/\/www.landolt-weine.ch\/cms\/wp-content\/uploads\/2021\/03\/marc-landolt-im-rebberg_news.jpg","type":"image\/jpeg"}],"author":"editor","twitter_misc":{"Geschrieben von":"editor"},"schema":{"@context":"https:\/\/schema.org","@graph":[{"@type":"Article","@id":"https:\/\/www.landolt-weine.ch\/cms\/2021\/03\/04\/landolt-personlich-folge-1\/#article","isPartOf":{"@id":"https:\/\/www.landolt-weine.ch\/cms\/2021\/03\/04\/landolt-personlich-folge-1\/"},"author":{"name":"editor","@id":"https:\/\/www.landolt-weine.ch\/cms\/#\/schema\/person\/0dd9822402bfc2651069f318cb872261"},"headline":"Landolt Pers\u00f6nlich &#8211; Folge 1","datePublished":"2021-03-04T15:01:00+00:00","dateModified":"2022-10-17T13:11:28+00:00","mainEntityOfPage":{"@id":"https:\/\/www.landolt-weine.ch\/cms\/2021\/03\/04\/landolt-personlich-folge-1\/"},"wordCount":5,"publisher":{"@id":"https:\/\/www.landolt-weine.ch\/cms\/#organization"},"image":{"@id":"https:\/\/www.landolt-weine.ch\/cms\/2021\/03\/04\/landolt-personlich-folge-1\/#primaryimage"},"thumbnailUrl":"https:\/\/www.landolt-weine.ch\/cms\/wp-content\/uploads\/2021\/03\/marc-landolt-im-rebberg_news.jpg","articleSection":["Landolt Pers\u00f6nlich"],"inLanguage":"de-CH"},{"@type":"WebPage","@id":"https:\/\/www.landolt-weine.ch\/cms\/2021\/03\/04\/landolt-personlich-folge-1\/","url":"https:\/\/www.landolt-weine.ch\/cms\/2021\/03\/04\/landolt-personlich-folge-1\/","name":"Landolt Pers\u00f6nlich - Folge 1 - Landolt Weine","isPartOf":{"@id":"https:\/\/www.landolt-weine.ch\/cms\/#website"},"primaryImageOfPage":{"@id":"https:\/\/www.landolt-weine.ch\/cms\/2021\/03\/04\/landolt-personlich-folge-1\/#primaryimage"},"image":{"@id":"https:\/\/www.landolt-weine.ch\/cms\/2021\/03\/04\/landolt-personlich-folge-1\/#primaryimage"},"thumbnailUrl":"https:\/\/www.landolt-weine.ch\/cms\/wp-content\/uploads\/2021\/03\/marc-landolt-im-rebberg_news.jpg","datePublished":"2021-03-04T15:01:00+00:00","dateModified":"2022-10-17T13:11:28+00:00","description":"Landolt Pers\u00f6nlich - Folge 1 - Weine Online Shop - Weinhandel Z\u00fcrich - Die Stadt Z\u00fcrich ist Heimat von Landolt Weine. Der Familienbetrieb ist stolz, ein St\u00fcck lokale Weinkultur pr\u00e4gen zu d\u00fcrfen.","breadcrumb":{"@id":"https:\/\/www.landolt-weine.ch\/cms\/2021\/03\/04\/landolt-personlich-folge-1\/#breadcrumb"},"inLanguage":"de-CH","potentialAction":[{"@type":"ReadAction","target":["https:\/\/www.landolt-weine.ch\/cms\/2021\/03\/04\/landolt-personlich-folge-1\/"]}]},{"@type":"ImageObject","inLanguage":"de-CH","@id":"https:\/\/www.landolt-weine.ch\/cms\/2021\/03\/04\/landolt-personlich-folge-1\/#primaryimage","url":"https:\/\/www.landolt-weine.ch\/cms\/wp-content\/uploads\/2021\/03\/marc-landolt-im-rebberg_news.jpg","contentUrl":"https:\/\/www.landolt-weine.ch\/cms\/wp-content\/uploads\/2021\/03\/marc-landolt-im-rebberg_news.jpg","width":2000,"height":1239,"caption":"Landolt Weine - Marc Landolt"},{"@type":"BreadcrumbList","@id":"https:\/\/www.landolt-weine.ch\/cms\/2021\/03\/04\/landolt-personlich-folge-1\/#breadcrumb","itemListElement":[{"@type":"ListItem","position":1,"name":"Home","item":"https:\/\/www.landolt-weine.ch\/cms\/"},{"@type":"ListItem","position":2,"name":"Landolt Pers\u00f6nlich &#8211; Folge 1"}]},{"@type":"WebSite","@id":"https:\/\/www.landolt-weine.ch\/cms\/#website","url":"https:\/\/www.landolt-weine.ch\/cms\/","name":"Landolt Weine","description":"","publisher":{"@id":"https:\/\/www.landolt-weine.ch\/cms\/#organization"},"potentialAction":[{"@type":"SearchAction","target":{"@type":"EntryPoint","urlTemplate":"https:\/\/www.landolt-weine.ch\/cms\/?s={search_term_string}"},"query-input":{"@type":"PropertyValueSpecification","valueRequired":true,"valueName":"search_term_string"}}],"inLanguage":"de-CH"},{"@type":"Organization","@id":"https:\/\/www.landolt-weine.ch\/cms\/#organization","name":"Landolt Weine","url":"https:\/\/www.landolt-weine.ch\/cms\/","logo":{"@type":"ImageObject","inLanguage":"de-CH","@id":"https:\/\/www.landolt-weine.ch\/cms\/#\/schema\/logo\/image\/","url":"https:\/\/www.landolt-weine.ch\/cms\/wp-content\/uploads\/2021\/01\/landolt-logo.png","contentUrl":"https:\/\/www.landolt-weine.ch\/cms\/wp-content\/uploads\/2021\/01\/landolt-logo.png","width":1000,"height":240,"caption":"Landolt Weine"},"image":{"@id":"https:\/\/www.landolt-weine.ch\/cms\/#\/schema\/logo\/image\/"},"sameAs":["https:\/\/www.facebook.com\/landoltweine\/"]},{"@type":"Person","@id":"https:\/\/www.landolt-weine.ch\/cms\/#\/schema\/person\/0dd9822402bfc2651069f318cb872261","name":"editor","image":{"@type":"ImageObject","inLanguage":"de-CH","@id":"https:\/\/secure.gravatar.com\/avatar\/508f0567f75590a9f703e14acce9f933301379c1c04753a041678c88f82f15f0?s=96&d=mm&r=g","url":"https:\/\/secure.gravatar.com\/avatar\/508f0567f75590a9f703e14acce9f933301379c1c04753a041678c88f82f15f0?s=96&d=mm&r=g","contentUrl":"https:\/\/secure.gravatar.com\/avatar\/508f0567f75590a9f703e14acce9f933301379c1c04753a041678c88f82f15f0?s=96&d=mm&r=g","caption":"editor"},"sameAs":["https:\/\/www.landolt-weine.ch"]}]}},"_links":{"self":[{"href":"https:\/\/www.landolt-weine.ch\/cms\/wp-json\/wp\/v2\/posts\/4511","targetHints":{"allow":["GET"]}}],"collection":[{"href":"https:\/\/www.landolt-weine.ch\/cms\/wp-json\/wp\/v2\/posts"}],"about":[{"href":"https:\/\/www.landolt-weine.ch\/cms\/wp-json\/wp\/v2\/types\/post"}],"author":[{"embeddable":true,"href":"https:\/\/www.landolt-weine.ch\/cms\/wp-json\/wp\/v2\/users\/2"}],"replies":[{"embeddable":true,"href":"https:\/\/www.landolt-weine.ch\/cms\/wp-json\/wp\/v2\/comments?post=4511"}],"version-history":[{"count":8,"href":"https:\/\/www.landolt-weine.ch\/cms\/wp-json\/wp\/v2\/posts\/4511\/revisions"}],"predecessor-version":[{"id":5483,"href":"https:\/\/www.landolt-weine.ch\/cms\/wp-json\/wp\/v2\/posts\/4511\/revisions\/5483"}],"wp:featuredmedia":[{"embeddable":true,"href":"https:\/\/www.landolt-weine.ch\/cms\/wp-json\/wp\/v2\/media\/4674"}],"wp:attachment":[{"href":"https:\/\/www.landolt-weine.ch\/cms\/wp-json\/wp\/v2\/media?parent=4511"}],"wp:term":[{"taxonomy":"category","embeddable":true,"href":"https:\/\/www.landolt-weine.ch\/cms\/wp-json\/wp\/v2\/categories?post=4511"},{"taxonomy":"post_tag","embeddable":true,"href":"https:\/\/www.landolt-weine.ch\/cms\/wp-json\/wp\/v2\/tags?post=4511"}],"curies":[{"name":"wp","href":"https:\/\/api.w.org\/{rel}","templated":true}]}}